{"id":1556,"date":"2012-03-04T23:03:32","date_gmt":"2012-03-04T22:03:32","guid":{"rendered":"http:\/\/www.contouche.de\/projektblog\/?p=1556"},"modified":"2012-03-16T00:31:32","modified_gmt":"2012-03-15T23:31:32","slug":"das-turproblem","status":"publish","type":"post","link":"http:\/\/www.contouche.de\/projektblog\/?p=1556","title":{"rendered":"Das T\u00fcrproblem"},"content":{"rendered":"<p>Als es um die Fertigstellung des Zeltdachs ging, verga\u00df ich zu erw\u00e4hnen, da\u00df die T\u00fcrklappen an das Zeltdach angesetzt werden, wie im 18. Jh. offenbar \u00fcblich (schreibt Bleckwenn, siehe auch <a href=\"http:\/\/www.contouche.de\/projektblog\/?p=1248\">hier<\/a>). Da hatte ich nun ein Problem&#8230;<\/p>\n<p>Zur Erinnerung: Das Zelt ist quadratisch, 3&#215;3 Meter. Die W\u00e4nde sind aufgeteilt in einen Meter breite Bahnen, d.h. pro Zeltseite drei Bahnen. Da vorn und hinten mittig je eine T\u00fcr sein sollte, bestehen die W\u00e4nde also aus zwei St\u00fccken \u00e0 f\u00fcnf Bahnen. Und die L\u00fccke dazwischen, die von der T\u00fcrklappe abgedeckt werden soll, ist ebenfalls einen Meter breit. Nun hat Leinen die Eigenschaft, sich zusammenzuziehen, wenn es feucht wird. Mein A-Zelt h\u00e4ngt bei trockenem Wetter leicht durch, aber an einem Regentag hat es mir mal die Heringe einige Zentimeter aus dem Boden gezogen, so stramm wurde die Plane.<!--more--><\/p>\n<p>Mir wurde geraten, Zeltw\u00e4nde und T\u00fcren um ca. 20 cm \u00fcberlappen zu lassen, um auf der sicheren Seite zu sein. 20 cm auf jeder Seite der T\u00fcr, wohlgemerkt. H\u00e4tte ich fr\u00fcher gewu\u00dft, da\u00df es so viel ist, h\u00e4tte ich diejenigen Bahnen der W\u00e4nde, die an die T\u00fcren sto\u00dfen, um je 20 cm breiter gemacht. Nun blieb mir nur noch \u00fcbrig, die T\u00fcrklappen auf 140 cm (!) zu verbreitern. Noch mehr Gewicht, das am sowieso schon schweren Dach h\u00e4ngt. Und das, wenn die T\u00fcr offenstehen soll, hochgerollt und befestigt werden mu\u00df. Das war zu viel!<\/p>\n<p>Also machte ich die T\u00fcrklappen doch einen Meter breit und bastelte stattdessen 20 cm breite Streifen aus dem Wand-Stoff, gef\u00fcttert und vers\u00e4ubert, die ich nun \u00fcberwendlich an die Wand-Teile ansetze.<\/p>\n<p>Wenn ich damit fertig bin, mu\u00df ich die \u00d6sen an die Wand-Teile n\u00e4hen. Da die Abst\u00e4nde der Haken im Dach nicht exakt gleichm\u00e4\u00dfig sind, werde ich wohl f\u00fcrchterliche Stoffmengen w\u00e4lzen m\u00fcssen, um sicherzugehen, da\u00df die Abst\u00e4nde der \u00d6sen zu denen der Haken passen.<\/p>\n","protected":false},"excerpt":{"rendered":"<p>Als es um die Fertigstellung des Zeltdachs ging, verga\u00df ich zu erw\u00e4hnen, da\u00df die T\u00fcrklappen an das Zeltdach angesetzt werden, wie im 18. Jh. offenbar \u00fcblich (schreibt Bleckwenn, siehe auch hier). Da hatte ich nun ein Problem&#8230; Zur Erinnerung: Das &hellip; <a href=\"http:\/\/www.contouche.de\/projektblog\/?p=1556\">Weiterlesen <span class=\"meta-nav\">&rarr;<\/span><\/a><\/p>\n","protected":false},"author":1,"featured_media":0,"comment_status":"open","ping_status":"open","sticky":false,"template":"","format":"standard","meta":{"footnotes":""},"categories":[29,50],"tags":[],"class_list":["post-1556","post","type-post","status-publish","format-standard","hentry","category-18jh","category-zelt"],"_links":{"self":[{"href":"http:\/\/www.contouche.de\/projektblog\/index.php?rest_route=\/wp\/v2\/posts\/1556","targetHints":{"allow":["GET"]}}],"collection":[{"href":"http:\/\/www.contouche.de\/projektblog\/index.php?rest_route=\/wp\/v2\/posts"}],"about":[{"href":"http:\/\/www.contouche.de\/projektblog\/index.php?rest_route=\/wp\/v2\/types\/post"}],"author":[{"embeddable":true,"href":"http:\/\/www.contouche.de\/projektblog\/index.php?rest_route=\/wp\/v2\/users\/1"}],"replies":[{"embeddable":true,"href":"http:\/\/www.contouche.de\/projektblog\/index.php?rest_route=%2Fwp%2Fv2%2Fcomments&post=1556"}],"version-history":[{"count":4,"href":"http:\/\/www.contouche.de\/projektblog\/index.php?rest_route=\/wp\/v2\/posts\/1556\/revisions"}],"predecessor-version":[{"id":1560,"href":"http:\/\/www.contouche.de\/projektblog\/index.php?rest_route=\/wp\/v2\/posts\/1556\/revisions\/1560"}],"wp:attachment":[{"href":"http:\/\/www.contouche.de\/projektblog\/index.php?rest_route=%2Fwp%2Fv2%2Fmedia&parent=1556"}],"wp:term":[{"taxonomy":"category","embeddable":true,"href":"http:\/\/www.contouche.de\/projektblog\/index.php?rest_route=%2Fwp%2Fv2%2Fcategories&post=1556"},{"taxonomy":"post_tag","embeddable":true,"href":"http:\/\/www.contouche.de\/projektblog\/index.php?rest_route=%2Fwp%2Fv2%2Ftags&post=1556"}],"curies":[{"name":"wp","href":"https:\/\/api.w.org\/{rel}","templated":true}]}}