{"id":1673,"date":"2012-05-28T00:40:33","date_gmt":"2012-05-27T23:40:33","guid":{"rendered":"http:\/\/www.contouche.de\/projektblog\/?p=1673"},"modified":"2012-07-28T23:31:44","modified_gmt":"2012-07-28T22:31:44","slug":"reverkragen-und-andere-scheuslichkeiten","status":"publish","type":"post","link":"http:\/\/www.contouche.de\/projektblog\/?p=1673","title":{"rendered":"Reverskragen und andere Scheu\u00dflichkeiten"},"content":{"rendered":"<p>Ich hatte so lange keinen Reverskragen mehr gemacht, da\u00df ich ziemlich \u00fcberlegen mu\u00dfte, wie das gleich wieder ging. Dementsprechend habe ich auch geflucht.Daf\u00fcr ist die Seide so fest, da\u00df sie ohne Unterf\u00fctterung auskommt.<br \/>\n<div id='gallery-1' class='gallery galleryid-1673 gallery-columns-2 gallery-size-thumbnail'><dl class='gallery-item'>\n\t\t\t<dt class='gallery-icon portrait'>\n\t\t\t\t<a href='http:\/\/www.contouche.de\/projektblog\/wp-content\/uploads\/2012\/05\/taille-ohne-\u00e4rmel-vo-au\u00dfen.jpg'><img loading=\"lazy\" decoding=\"async\" width=\"150\" height=\"150\" src=\"http:\/\/www.contouche.de\/projektblog\/wp-content\/uploads\/2012\/05\/taille-ohne-\u00e4rmel-vo-au\u00dfen-150x150.jpg\" class=\"attachment-thumbnail size-thumbnail\" alt=\"\" \/><\/a>\n\t\t\t<\/dt><\/dl><dl class='gallery-item'>\n\t\t\t<dt class='gallery-icon portrait'>\n\t\t\t\t<a href='http:\/\/www.contouche.de\/projektblog\/wp-content\/uploads\/2012\/05\/taille-ohne-\u00e4rmel-hi-innen.jpg'><img loading=\"lazy\" decoding=\"async\" width=\"150\" height=\"150\" src=\"http:\/\/www.contouche.de\/projektblog\/wp-content\/uploads\/2012\/05\/taille-ohne-\u00e4rmel-hi-innen-150x150.jpg\" class=\"attachment-thumbnail size-thumbnail\" alt=\"\" \/><\/a>\n\t\t\t<\/dt><\/dl><br style=\"clear: both\" \/>\n\t\t<\/div>\n<br \/>\n&nbsp;<br \/>\nMomentan mu\u00df am Oberteil noch der Saumbeleg angen\u00e4ht werden, dann die \u00c4rmel und der Verschlu\u00df und schlie\u00dflich das Taillenband. Obwohl ich den Schnitt hatte anpassen lassen, hatte ich heite schon wieder zu wenig Weite obenrum, daf\u00fcr trotz tiefergelegter Abn\u00e4her Luft um die Taille. Aber gut, f\u00fcr ein Tageskleid ist es vermutlich nicht verkehrt, wenn man die Taille nicht so eng schn\u00fcrt. <\/p>\n","protected":false},"excerpt":{"rendered":"<p>Ich hatte so lange keinen Reverskragen mehr gemacht, da\u00df ich ziemlich \u00fcberlegen mu\u00dfte, wie das gleich wieder ging. Dementsprechend habe ich auch geflucht.Daf\u00fcr ist die Seide so fest, da\u00df sie ohne Unterf\u00fctterung auskommt. &nbsp; Momentan mu\u00df am Oberteil noch der &hellip; <a href=\"http:\/\/www.contouche.de\/projektblog\/?p=1673\">Weiterlesen <span class=\"meta-nav\">&rarr;<\/span><\/a><\/p>\n","protected":false},"author":1,"featured_media":0,"comment_status":"open","ping_status":"open","sticky":false,"template":"","format":"standard","meta":{"footnotes":""},"categories":[57],"tags":[24,59,25],"class_list":["post-1673","post","type-post","status-publish","format-standard","hentry","category-tageskleid-1882","tag-1880er","tag-grunderzeit","tag-tournure"],"_links":{"self":[{"href":"http:\/\/www.contouche.de\/projektblog\/index.php?rest_route=\/wp\/v2\/posts\/1673","targetHints":{"allow":["GET"]}}],"collection":[{"href":"http:\/\/www.contouche.de\/projektblog\/index.php?rest_route=\/wp\/v2\/posts"}],"about":[{"href":"http:\/\/www.contouche.de\/projektblog\/index.php?rest_route=\/wp\/v2\/types\/post"}],"author":[{"embeddable":true,"href":"http:\/\/www.contouche.de\/projektblog\/index.php?rest_route=\/wp\/v2\/users\/1"}],"replies":[{"embeddable":true,"href":"http:\/\/www.contouche.de\/projektblog\/index.php?rest_route=%2Fwp%2Fv2%2Fcomments&post=1673"}],"version-history":[{"count":6,"href":"http:\/\/www.contouche.de\/projektblog\/index.php?rest_route=\/wp\/v2\/posts\/1673\/revisions"}],"predecessor-version":[{"id":1860,"href":"http:\/\/www.contouche.de\/projektblog\/index.php?rest_route=\/wp\/v2\/posts\/1673\/revisions\/1860"}],"wp:attachment":[{"href":"http:\/\/www.contouche.de\/projektblog\/index.php?rest_route=%2Fwp%2Fv2%2Fmedia&parent=1673"}],"wp:term":[{"taxonomy":"category","embeddable":true,"href":"http:\/\/www.contouche.de\/projektblog\/index.php?rest_route=%2Fwp%2Fv2%2Fcategories&post=1673"},{"taxonomy":"post_tag","embeddable":true,"href":"http:\/\/www.contouche.de\/projektblog\/index.php?rest_route=%2Fwp%2Fv2%2Ftags&post=1673"}],"curies":[{"name":"wp","href":"https:\/\/api.w.org\/{rel}","templated":true}]}}