{"id":1682,"date":"2012-05-28T01:34:10","date_gmt":"2012-05-28T00:34:10","guid":{"rendered":"http:\/\/www.contouche.de\/projektblog\/?p=1682"},"modified":"2012-05-28T01:34:43","modified_gmt":"2012-05-28T00:34:43","slug":"original-taillen","status":"publish","type":"post","link":"http:\/\/www.contouche.de\/projektblog\/?p=1682","title":{"rendered":"Original-Taillen, Teil 1"},"content":{"rendered":"<p>Ich bin gerade nicht die einzige, die an einem Tourn\u00fcrenkleid n\u00e4ht. Nachdem ich einige Dateilfragen zur Verarbeitung nicht auswendig beantworten konnte, bin ich doch mal an die Kartons mit den sorgsam in Seidenpapier verpackten Originalen gegangen und habe Fotos gemacht.<br \/>\n&nbsp;<br \/>\nIm Folgenden werde ich die Verarbeitungsdetails mehrerer Taillen vergleichen.<br \/>\nWegen Restriktionen der Blog-Software werde ich daf\u00fcr jeweils einen Eintrag machen m\u00fcssen. &nbsp;<br \/>\nBeginnen wir mit der allgemeinen Beschreibung und Ansicht von au\u00dfen.<!--more--><br \/>\n<div id='gallery-1' class='gallery galleryid-1682 gallery-columns-4 gallery-size-thumbnail'><dl class='gallery-item'>\n\t\t\t<dt class='gallery-icon portrait'>\n\t\t\t\t<a href='http:\/\/www.contouche.de\/projektblog\/?attachment_id=1683'><img loading=\"lazy\" decoding=\"async\" width=\"150\" height=\"150\" src=\"http:\/\/www.contouche.de\/projektblog\/wp-content\/uploads\/2012\/05\/blau-vorn-au\u00dfen-150x150.jpg\" class=\"attachment-thumbnail size-thumbnail\" alt=\"\" \/><\/a>\n\t\t\t<\/dt><\/dl><dl class='gallery-item'>\n\t\t\t<dt class='gallery-icon portrait'>\n\t\t\t\t<a href='http:\/\/www.contouche.de\/projektblog\/?attachment_id=1684'><img loading=\"lazy\" decoding=\"async\" width=\"150\" height=\"150\" src=\"http:\/\/www.contouche.de\/projektblog\/wp-content\/uploads\/2012\/05\/braun-vorn-au\u00dfen-150x150.jpg\" class=\"attachment-thumbnail size-thumbnail\" alt=\"\" \/><\/a>\n\t\t\t<\/dt><\/dl><dl class='gallery-item'>\n\t\t\t<dt class='gallery-icon portrait'>\n\t\t\t\t<a href='http:\/\/www.contouche.de\/projektblog\/?attachment_id=1685'><img loading=\"lazy\" decoding=\"async\" width=\"150\" height=\"150\" src=\"http:\/\/www.contouche.de\/projektblog\/wp-content\/uploads\/2012\/05\/creme-vorn-au\u00dfen-150x150.jpg\" class=\"attachment-thumbnail size-thumbnail\" alt=\"\" \/><\/a>\n\t\t\t<\/dt><\/dl><dl class='gallery-item'>\n\t\t\t<dt class='gallery-icon portrait'>\n\t\t\t\t<a href='http:\/\/www.contouche.de\/projektblog\/?attachment_id=1686'><img loading=\"lazy\" decoding=\"async\" width=\"150\" height=\"150\" src=\"http:\/\/www.contouche.de\/projektblog\/wp-content\/uploads\/2012\/05\/lila-vorn-au\u00dfen-150x150.jpg\" class=\"attachment-thumbnail size-thumbnail\" alt=\"\" \/><\/a>\n\t\t\t<\/dt><\/dl><br style=\"clear: both\" \/>\n\t\t<\/div>\n<br \/>\nVon links: ca. 1882-86, ca. 1886-88, 1882-86, um 1880-82.<br \/>\n&nbsp;<br \/>\nEine der Fragen lautete: Sitzen die Kn\u00f6pfe links oder rechts? Von den Recherchen f\u00fcr <a href=\"http:\/\/www.marquise.de\/de\/themes\/linksrechts.shtml\">diesen Artikel<\/a> wu\u00dfte ich noch, da\u00df in den 1880ern die Schlacht um links\/rechts eigentlich schon geschlagen war. Die vier Originalteile best\u00e4tigen dies: Immer sitzen die Kn\u00f6pfe links. Wobei die \u00dcbergangszeit noch nicht so lange her war, so da\u00df es auch Ausrei\u00dfer gab. Aus dem Bauch heraus w\u00fcrde ich sagen: um die 5, maximal 10%, mit abnehmender Tendenz.<\/p>\n","protected":false},"excerpt":{"rendered":"<p>Ich bin gerade nicht die einzige, die an einem Tourn\u00fcrenkleid n\u00e4ht. Nachdem ich einige Dateilfragen zur Verarbeitung nicht auswendig beantworten konnte, bin ich doch mal an die Kartons mit den sorgsam in Seidenpapier verpackten Originalen gegangen und habe Fotos gemacht. &hellip; <a href=\"http:\/\/www.contouche.de\/projektblog\/?p=1682\">Weiterlesen <span class=\"meta-nav\">&rarr;<\/span><\/a><\/p>\n","protected":false},"author":1,"featured_media":0,"comment_status":"open","ping_status":"open","sticky":false,"template":"","format":"standard","meta":{"footnotes":""},"categories":[31],"tags":[24,59],"class_list":["post-1682","post","type-post","status-publish","format-standard","hentry","category-19jh","tag-1880er","tag-grunderzeit"],"_links":{"self":[{"href":"http:\/\/www.contouche.de\/projektblog\/index.php?rest_route=\/wp\/v2\/posts\/1682","targetHints":{"allow":["GET"]}}],"collection":[{"href":"http:\/\/www.contouche.de\/projektblog\/index.php?rest_route=\/wp\/v2\/posts"}],"about":[{"href":"http:\/\/www.contouche.de\/projektblog\/index.php?rest_route=\/wp\/v2\/types\/post"}],"author":[{"embeddable":true,"href":"http:\/\/www.contouche.de\/projektblog\/index.php?rest_route=\/wp\/v2\/users\/1"}],"replies":[{"embeddable":true,"href":"http:\/\/www.contouche.de\/projektblog\/index.php?rest_route=%2Fwp%2Fv2%2Fcomments&post=1682"}],"version-history":[{"count":5,"href":"http:\/\/www.contouche.de\/projektblog\/index.php?rest_route=\/wp\/v2\/posts\/1682\/revisions"}],"predecessor-version":[{"id":1691,"href":"http:\/\/www.contouche.de\/projektblog\/index.php?rest_route=\/wp\/v2\/posts\/1682\/revisions\/1691"}],"wp:attachment":[{"href":"http:\/\/www.contouche.de\/projektblog\/index.php?rest_route=%2Fwp%2Fv2%2Fmedia&parent=1682"}],"wp:term":[{"taxonomy":"category","embeddable":true,"href":"http:\/\/www.contouche.de\/projektblog\/index.php?rest_route=%2Fwp%2Fv2%2Fcategories&post=1682"},{"taxonomy":"post_tag","embeddable":true,"href":"http:\/\/www.contouche.de\/projektblog\/index.php?rest_route=%2Fwp%2Fv2%2Ftags&post=1682"}],"curies":[{"name":"wp","href":"https:\/\/api.w.org\/{rel}","templated":true}]}}