{"id":1692,"date":"2012-05-28T01:48:09","date_gmt":"2012-05-28T00:48:09","guid":{"rendered":"http:\/\/www.contouche.de\/projektblog\/?p=1692"},"modified":"2012-05-28T02:17:47","modified_gmt":"2012-05-28T01:17:47","slug":"original-taillen-teil-2","status":"publish","type":"post","link":"http:\/\/www.contouche.de\/projektblog\/?p=1692","title":{"rendered":"Original-Taillen, Teil 2"},"content":{"rendered":"<p>Betrachten wir nun die Innenseite:<br \/>\n<div id='gallery-1' class='gallery galleryid-1692 gallery-columns-3 gallery-size-thumbnail'><dl class='gallery-item'>\n\t\t\t<dt class='gallery-icon portrait'>\n\t\t\t\t<a href='http:\/\/www.contouche.de\/projektblog\/?attachment_id=1693'><img loading=\"lazy\" decoding=\"async\" width=\"150\" height=\"150\" src=\"http:\/\/www.contouche.de\/projektblog\/wp-content\/uploads\/2012\/05\/blau-hinten-innen-150x150.jpg\" class=\"attachment-thumbnail size-thumbnail\" alt=\"\" \/><\/a>\n\t\t\t<\/dt><\/dl><dl class='gallery-item'>\n\t\t\t<dt class='gallery-icon landscape'>\n\t\t\t\t<a href='http:\/\/www.contouche.de\/projektblog\/?attachment_id=1694'><img loading=\"lazy\" decoding=\"async\" width=\"150\" height=\"150\" src=\"http:\/\/www.contouche.de\/projektblog\/wp-content\/uploads\/2012\/05\/braun-innen-150x150.jpg\" class=\"attachment-thumbnail size-thumbnail\" alt=\"\" \/><\/a>\n\t\t\t<\/dt><\/dl><dl class='gallery-item'>\n\t\t\t<dt class='gallery-icon landscape'>\n\t\t\t\t<a href='http:\/\/www.contouche.de\/projektblog\/?attachment_id=1695'><img loading=\"lazy\" decoding=\"async\" width=\"150\" height=\"150\" src=\"http:\/\/www.contouche.de\/projektblog\/wp-content\/uploads\/2012\/05\/creme-innen-150x150.jpg\" class=\"attachment-thumbnail size-thumbnail\" alt=\"\" \/><\/a>\n\t\t\t<\/dt><\/dl><br style=\"clear: both\" \/>\n\t\t<\/div>\n<br \/>\nVon dem lilanen fehlt eine Innen-Gesamtansicht, aber da sich alle innen so \u00e4hnlich sehen, ist das kein gro\u00dfer Verlust.<br \/>\nWas f\u00e4llt auf? Alle sind gleich geschnitten: Zwei R\u00fcckenteile mit Wiener N\u00e4hten, ein Seitenteil, ein Vorderteil mit zwei Abn\u00e4hern, Taillenband. Nur das cremefarbene hat kein Taillenband, vielleicht, weil es sowieso recht kurz ist. Immer sind Oberstoff und Futter zusammen verarbeitet. Immer ist die Unterkante mit einem Beleg vers\u00e4ubert.<!--more--><br \/>\n&nbsp;<br \/>\nUnterschiede? Es sind nicht \u00fcberall gleich viele St\u00e4be eingearbeitet. Beim blauen sind es die Abn\u00e4her und die hintere Mittelnaht, beim braunen alle N\u00e4hte, und beim cremefarbenen sind auf allen N\u00e4hten Tunnel &#8211; aber nur auf den Abn\u00e4hern und an der hinteren Seitennaht sind auch St\u00e4be drin. Mogelpackung! Daf\u00fcr sitzt ein zus\u00e4tzlicher Stab am Untertritt der Vorderkante.<br \/>\n&nbsp;<br \/>\nDie gebogenen R\u00fcckenn\u00e4hte werden seher selten versteift, weil sich die St\u00e4be nicht seitw\u00e4rts biegen lassen. Deshalb hat die braune Taille an dieser Stelle nur ganz kurze St\u00e4be, die da enden, wo die Biegung beginnt.<\/p>\n","protected":false},"excerpt":{"rendered":"<p>Betrachten wir nun die Innenseite: Von dem lilanen fehlt eine Innen-Gesamtansicht, aber da sich alle innen so \u00e4hnlich sehen, ist das kein gro\u00dfer Verlust. Was f\u00e4llt auf? Alle sind gleich geschnitten: Zwei R\u00fcckenteile mit Wiener N\u00e4hten, ein Seitenteil, ein Vorderteil &hellip; <a href=\"http:\/\/www.contouche.de\/projektblog\/?p=1692\">Weiterlesen <span class=\"meta-nav\">&rarr;<\/span><\/a><\/p>\n","protected":false},"author":1,"featured_media":0,"comment_status":"open","ping_status":"open","sticky":false,"template":"","format":"standard","meta":{"footnotes":""},"categories":[31],"tags":[24,59],"class_list":["post-1692","post","type-post","status-publish","format-standard","hentry","category-19jh","tag-1880er","tag-grunderzeit"],"_links":{"self":[{"href":"http:\/\/www.contouche.de\/projektblog\/index.php?rest_route=\/wp\/v2\/posts\/1692","targetHints":{"allow":["GET"]}}],"collection":[{"href":"http:\/\/www.contouche.de\/projektblog\/index.php?rest_route=\/wp\/v2\/posts"}],"about":[{"href":"http:\/\/www.contouche.de\/projektblog\/index.php?rest_route=\/wp\/v2\/types\/post"}],"author":[{"embeddable":true,"href":"http:\/\/www.contouche.de\/projektblog\/index.php?rest_route=\/wp\/v2\/users\/1"}],"replies":[{"embeddable":true,"href":"http:\/\/www.contouche.de\/projektblog\/index.php?rest_route=%2Fwp%2Fv2%2Fcomments&post=1692"}],"version-history":[{"count":5,"href":"http:\/\/www.contouche.de\/projektblog\/index.php?rest_route=\/wp\/v2\/posts\/1692\/revisions"}],"predecessor-version":[{"id":1712,"href":"http:\/\/www.contouche.de\/projektblog\/index.php?rest_route=\/wp\/v2\/posts\/1692\/revisions\/1712"}],"wp:attachment":[{"href":"http:\/\/www.contouche.de\/projektblog\/index.php?rest_route=%2Fwp%2Fv2%2Fmedia&parent=1692"}],"wp:term":[{"taxonomy":"category","embeddable":true,"href":"http:\/\/www.contouche.de\/projektblog\/index.php?rest_route=%2Fwp%2Fv2%2Fcategories&post=1692"},{"taxonomy":"post_tag","embeddable":true,"href":"http:\/\/www.contouche.de\/projektblog\/index.php?rest_route=%2Fwp%2Fv2%2Ftags&post=1692"}],"curies":[{"name":"wp","href":"https:\/\/api.w.org\/{rel}","templated":true}]}}