{"id":2243,"date":"2015-07-18T16:14:11","date_gmt":"2015-07-18T15:14:11","guid":{"rendered":"http:\/\/www.contouche.de\/projektblog\/?p=2243"},"modified":"2015-07-18T16:15:39","modified_gmt":"2015-07-18T15:15:39","slug":"weihnachtsbaum-rocken-es-geht-weiter","status":"publish","type":"post","link":"http:\/\/www.contouche.de\/projektblog\/?p=2243","title":{"rendered":"Weihnachtsbaum-Rocken: Es geht weiter"},"content":{"rendered":"<p>Als ich anfing, die Weihnachtsbaum-Spitzen zu bearbeiten, da ging man noch freiwillig in den Keller, weil es drau\u00dfen sowieso dunkel war. Dann kam die Zeit, da man jedes bi\u00dfchen Tageslicht ausnutzen will. Und jetzt gehe ich wieder freiwillig in den Keller, weil es da so sch\u00f6n k\u00fchl ist. \ud83d\ude42<br \/>\n&nbsp;<br \/>\nDie beiden Spitzen waren ja erst roh abgesch\u00e4lt. Damit die Fasern nicht st\u00e4ndig an Sprei\u00dfeln h\u00e4ngenbleiben, mu\u00dften sie noch ordentlich glattgeschliffen werden. Daf\u00fcr nahm ich einen Winkelschleifer mit 60er, dann 240er Papier. Die d\u00fcnnen Zweige habe ich von Hand geschliffen. Sie sind noch erstaunlich elastisch, bleiben aber in der gebogenen Form, die durch das festbinden entstanden ist<a href=\"http:\/\/www.contouche.de\/projektblog\/wp-content\/uploads\/2015\/07\/20150718_144332.jpg\"><img loading=\"lazy\" decoding=\"async\" src=\"http:\/\/www.contouche.de\/projektblog\/wp-content\/uploads\/2015\/07\/20150718_144332-300x107.jpg\" alt=\"20150718_144332\" width=\"300\" height=\"107\" class=\"aligncenter size-medium wp-image-2244\" srcset=\"http:\/\/www.contouche.de\/projektblog\/wp-content\/uploads\/2015\/07\/20150718_144332-300x107.jpg 300w, http:\/\/www.contouche.de\/projektblog\/wp-content\/uploads\/2015\/07\/20150718_144332-1024x366.jpg 1024w, http:\/\/www.contouche.de\/projektblog\/wp-content\/uploads\/2015\/07\/20150718_144332.jpg 1468w\" sizes=\"auto, (max-width: 300px) 100vw, 300px\" \/><\/a><br \/>\n<!--more--><\/p>\n<p>Am Ansatz der Zweige ist das gl\u00e4tten \u00fcberhaupt kein Spa\u00df, wegen der engen Winkel. Besonders bei dem kleineren Rocken, der wohl meinte, die sehr kurzen Zweige durch eine h\u00f6here Anzahl wettmachen zu k\u00f6nnen: Er hat 7 statt der \u00fcblichen 5. Noch mehr, noch engere Winkel.<br \/>\n&nbsp;<br \/>\nAm Ende folgt das, was bei mir fast jedes Holzobjekt durchmachen mu\u00df: Lein\u00f6l.<br \/>\n<a href=\"http:\/\/www.contouche.de\/projektblog\/wp-content\/uploads\/2015\/07\/20150718_144522.jpg\"><img loading=\"lazy\" decoding=\"async\" src=\"http:\/\/www.contouche.de\/projektblog\/wp-content\/uploads\/2015\/07\/20150718_144522-300x225.jpg\" alt=\"20150718_144522\" width=\"300\" height=\"225\" class=\"aligncenter size-medium wp-image-2245\" srcset=\"http:\/\/www.contouche.de\/projektblog\/wp-content\/uploads\/2015\/07\/20150718_144522-300x225.jpg 300w, http:\/\/www.contouche.de\/projektblog\/wp-content\/uploads\/2015\/07\/20150718_144522-1024x767.jpg 1024w, http:\/\/www.contouche.de\/projektblog\/wp-content\/uploads\/2015\/07\/20150718_144522.jpg 1033w\" sizes=\"auto, (max-width: 300px) 100vw, 300px\" \/><\/a><\/p>\n","protected":false},"excerpt":{"rendered":"<p>Als ich anfing, die Weihnachtsbaum-Spitzen zu bearbeiten, da ging man noch freiwillig in den Keller, weil es drau\u00dfen sowieso dunkel war. Dann kam die Zeit, da man jedes bi\u00dfchen Tageslicht ausnutzen will. Und jetzt gehe ich wieder freiwillig in den &hellip; <a href=\"http:\/\/www.contouche.de\/projektblog\/?p=2243\">Weiterlesen <span class=\"meta-nav\">&rarr;<\/span><\/a><\/p>\n","protected":false},"author":1,"featured_media":0,"comment_status":"open","ping_status":"open","sticky":false,"template":"","format":"standard","meta":{"footnotes":""},"categories":[73],"tags":[88],"class_list":["post-2243","post","type-post","status-publish","format-standard","hentry","category-spinnen","tag-spinnen"],"_links":{"self":[{"href":"http:\/\/www.contouche.de\/projektblog\/index.php?rest_route=\/wp\/v2\/posts\/2243","targetHints":{"allow":["GET"]}}],"collection":[{"href":"http:\/\/www.contouche.de\/projektblog\/index.php?rest_route=\/wp\/v2\/posts"}],"about":[{"href":"http:\/\/www.contouche.de\/projektblog\/index.php?rest_route=\/wp\/v2\/types\/post"}],"author":[{"embeddable":true,"href":"http:\/\/www.contouche.de\/projektblog\/index.php?rest_route=\/wp\/v2\/users\/1"}],"replies":[{"embeddable":true,"href":"http:\/\/www.contouche.de\/projektblog\/index.php?rest_route=%2Fwp%2Fv2%2Fcomments&post=2243"}],"version-history":[{"count":2,"href":"http:\/\/www.contouche.de\/projektblog\/index.php?rest_route=\/wp\/v2\/posts\/2243\/revisions"}],"predecessor-version":[{"id":2247,"href":"http:\/\/www.contouche.de\/projektblog\/index.php?rest_route=\/wp\/v2\/posts\/2243\/revisions\/2247"}],"wp:attachment":[{"href":"http:\/\/www.contouche.de\/projektblog\/index.php?rest_route=%2Fwp%2Fv2%2Fmedia&parent=2243"}],"wp:term":[{"taxonomy":"category","embeddable":true,"href":"http:\/\/www.contouche.de\/projektblog\/index.php?rest_route=%2Fwp%2Fv2%2Fcategories&post=2243"},{"taxonomy":"post_tag","embeddable":true,"href":"http:\/\/www.contouche.de\/projektblog\/index.php?rest_route=%2Fwp%2Fv2%2Ftags&post=2243"}],"curies":[{"name":"wp","href":"https:\/\/api.w.org\/{rel}","templated":true}]}}