{"id":2267,"date":"2015-09-06T13:07:11","date_gmt":"2015-09-06T12:07:11","guid":{"rendered":"http:\/\/www.contouche.de\/projektblog\/?p=2267"},"modified":"2015-09-06T13:09:22","modified_gmt":"2015-09-06T12:09:22","slug":"web-ahoi","status":"publish","type":"post","link":"http:\/\/www.contouche.de\/projektblog\/?p=2267","title":{"rendered":"Web ahoi"},"content":{"rendered":"<p>Weben, nicht WWW! Ihr wi\u00dft schon, dieses Handwerk, mit dem ich nicht auch noch anfangen wollte. So, wie ich noch vor 4 Jahren nie mit Spinnen anfangen wollte und nach wie vor nicht mit Kl\u00f6ppeln anfangen will. Wetten zu diesem und \u00e4hnlichen Themen werden nicht entgegengenommen.<\/p>\n<p>Also, weben. Wieso? Weil ich doch jetzt ganze Vliese von nicht-flauschigen Schafen verarbeite. Man liest oft, ihre Wolle eigne sich f\u00fcr Teppiche. Ok, jetzt k\u00f6nnte man noch mit Kn\u00fcpfen anfangen, aber das ist ja ber\u00fcchtigt langwierig. Aber&#8230; Webteppich? Taschen und Beutel? Und, ja, vielleicht auch Kleidung. Robuste welche. Irgendwo m\u00fcssen die groben Haare ja hin, die ich aus den Vliesen rei\u00dfe. Und die nuppigen Garne, die aus kardiertem K\u00e4mmbfall entstehen. F\u00fcr den Kompost sind sie zu schade.<br \/>\n<div id=\"attachment_2269\" style=\"width: 310px\" class=\"wp-caption aligncenter\"><a href=\"http:\/\/www.contouche.de\/projektblog\/wp-content\/uploads\/2015\/09\/20150830_141643.jpg\"><img loading=\"lazy\" decoding=\"async\" aria-describedby=\"caption-attachment-2269\" src=\"http:\/\/www.contouche.de\/projektblog\/wp-content\/uploads\/2015\/09\/20150830_141643-300x206.jpg\" alt=\"Schu\u00dfgarn\" width=\"300\" height=\"206\" class=\"size-medium wp-image-2269\" srcset=\"http:\/\/www.contouche.de\/projektblog\/wp-content\/uploads\/2015\/09\/20150830_141643-300x206.jpg 300w, http:\/\/www.contouche.de\/projektblog\/wp-content\/uploads\/2015\/09\/20150830_141643-1024x705.jpg 1024w, http:\/\/www.contouche.de\/projektblog\/wp-content\/uploads\/2015\/09\/20150830_141643.jpg 1286w\" sizes=\"auto, (max-width: 300px) 100vw, 300px\" \/><\/a><p id=\"caption-attachment-2269\" class=\"wp-caption-text\">Schu\u00dfgarn<\/p><\/div><br \/>\n<!--more--><\/p>\n<p>Das allerallereste Webprojekt ist eine Tasche. Die Kette ist kommerzielles Konengarn, 100% Wolle, das mal in einer ausgelutschten Rotholz-Flotte gebadet hatte. H\u00e4tte ich vor dem aufb\u00e4umen schon gewu\u00dft, da\u00df der Schu\u00df braun sein w\u00fcrde, h\u00e4tte ich die Kette in Indigo getunkt. Nun ja.<br \/>\n<div id=\"attachment_2270\" style=\"width: 310px\" class=\"wp-caption aligncenter\"><a href=\"http:\/\/www.contouche.de\/projektblog\/wp-content\/uploads\/2015\/09\/20150830_143226.jpg\"><img loading=\"lazy\" decoding=\"async\" aria-describedby=\"caption-attachment-2270\" src=\"http:\/\/www.contouche.de\/projektblog\/wp-content\/uploads\/2015\/09\/20150830_143226-300x225.jpg\" alt=\"Auf dem Rahmen\" width=\"300\" height=\"225\" class=\"size-medium wp-image-2270\" srcset=\"http:\/\/www.contouche.de\/projektblog\/wp-content\/uploads\/2015\/09\/20150830_143226-300x225.jpg 300w, http:\/\/www.contouche.de\/projektblog\/wp-content\/uploads\/2015\/09\/20150830_143226-1024x767.jpg 1024w, http:\/\/www.contouche.de\/projektblog\/wp-content\/uploads\/2015\/09\/20150830_143226.jpg 1517w\" sizes=\"auto, (max-width: 300px) 100vw, 300px\" \/><\/a><p id=\"caption-attachment-2270\" class=\"wp-caption-text\">Auf dem Rahmen<\/p><\/div><\/p>\n<p>Der Schu\u00df besteht aus der Wolle eines Ouessant-Schafes. Ja, genau ein Viech. Ein Strang des zweif\u00e4digen Garns ist aus den groben Deckhaaren gesponnen, der andere aus K\u00e4mmabf\u00e4llen und somit haupts\u00e4chlich aus eher kurzen, aber eher weichen Unterwoll-Fasern mit Knubbeln darin. Die Knubbel sollen f\u00fcr Ouessant typisch sein, schrieb eine bretonische Z\u00fcchterin auf Ravelry.<\/p>\n<p>Der Webrahmen ist ein Ashford Rigid Heddle Loom. Wie man aufb\u00e4umt, habe ich mir anhand eines Ashford-Videos angeschaut. Leider ging daraus nicht hervor, wo bei dem Rahmen hinten und vorn ist&#8230; nat\u00fcrlich habe ich es prompt falsch herum gemacht. Und an zwei Stellen auch noch ein Loch ausgelassen. Nun ja, es ging trotzdem, wenn auch nicht gar so gut.  <\/p>\n<div id=\"attachment_2271\" style=\"width: 310px\" class=\"wp-caption aligncenter\"><a href=\"http:\/\/www.contouche.de\/projektblog\/wp-content\/uploads\/2015\/09\/anfang-und-ene.jpeg\"><img loading=\"lazy\" decoding=\"async\" aria-describedby=\"caption-attachment-2271\" src=\"http:\/\/www.contouche.de\/projektblog\/wp-content\/uploads\/2015\/09\/anfang-und-ene-300x290.jpeg\" alt=\"Fertig gewebt\" width=\"300\" height=\"290\" class=\"size-medium wp-image-2271\" srcset=\"http:\/\/www.contouche.de\/projektblog\/wp-content\/uploads\/2015\/09\/anfang-und-ene-300x290.jpeg 300w, http:\/\/www.contouche.de\/projektblog\/wp-content\/uploads\/2015\/09\/anfang-und-ene.jpeg 801w\" sizes=\"auto, (max-width: 300px) 100vw, 300px\" \/><\/a><p id=\"caption-attachment-2271\" class=\"wp-caption-text\">Fertig gewebt<\/p><\/div>\n<p>Im Bild oben liegt obenauf der Anfang des Gewebes. Das dicke gr\u00fcne ist Restgarn, um die Kettf\u00e4den in Form zu bringen. Die Webrichtung ist von da ab nach unten. Darunter liegt ein St\u00fcck von kurz vor Ende des Gewebes. Siehst du den Unterschied? <\/p>\n<p>Das gr\u00fcne Zeug und ein paar Zentimeter des allzu losen Anfangs habe ich entfernt, die Kettf\u00e4den verknotet und das St\u00fcck dann mit hei\u00dfem Seifenwasser gewalkt, damit die Oberfl\u00e4che etwas anfilzt und die Kette nicht so herausschaut.<br \/>\n<div id=\"attachment_2272\" style=\"width: 235px\" class=\"wp-caption aligncenter\"><a href=\"http:\/\/www.contouche.de\/projektblog\/wp-content\/uploads\/2015\/09\/gefilzt.jpeg\"><img loading=\"lazy\" decoding=\"async\" aria-describedby=\"caption-attachment-2272\" src=\"http:\/\/www.contouche.de\/projektblog\/wp-content\/uploads\/2015\/09\/gefilzt-225x300.jpeg\" alt=\"Fertig\" width=\"225\" height=\"300\" class=\"size-medium wp-image-2272\" srcset=\"http:\/\/www.contouche.de\/projektblog\/wp-content\/uploads\/2015\/09\/gefilzt-225x300.jpeg 225w, http:\/\/www.contouche.de\/projektblog\/wp-content\/uploads\/2015\/09\/gefilzt-768x1024.jpeg 768w, http:\/\/www.contouche.de\/projektblog\/wp-content\/uploads\/2015\/09\/gefilzt.jpeg 959w\" sizes=\"auto, (max-width: 225px) 100vw, 225px\" \/><\/a><p id=\"caption-attachment-2272\" class=\"wp-caption-text\">Fertig<\/p><\/div><\/p>\n","protected":false},"excerpt":{"rendered":"<p>Weben, nicht WWW! Ihr wi\u00dft schon, dieses Handwerk, mit dem ich nicht auch noch anfangen wollte. So, wie ich noch vor 4 Jahren nie mit Spinnen anfangen wollte und nach wie vor nicht mit Kl\u00f6ppeln anfangen will. Wetten zu diesem &hellip; <a href=\"http:\/\/www.contouche.de\/projektblog\/?p=2267\">Weiterlesen <span class=\"meta-nav\">&rarr;<\/span><\/a><\/p>\n","protected":false},"author":1,"featured_media":0,"comment_status":"open","ping_status":"open","sticky":false,"template":"","format":"standard","meta":{"footnotes":""},"categories":[75],"tags":[78,88,76],"class_list":["post-2267","post","type-post","status-publish","format-standard","hentry","category-weben","tag-ouessant","tag-spinnen","tag-weben"],"_links":{"self":[{"href":"http:\/\/www.contouche.de\/projektblog\/index.php?rest_route=\/wp\/v2\/posts\/2267","targetHints":{"allow":["GET"]}}],"collection":[{"href":"http:\/\/www.contouche.de\/projektblog\/index.php?rest_route=\/wp\/v2\/posts"}],"about":[{"href":"http:\/\/www.contouche.de\/projektblog\/index.php?rest_route=\/wp\/v2\/types\/post"}],"author":[{"embeddable":true,"href":"http:\/\/www.contouche.de\/projektblog\/index.php?rest_route=\/wp\/v2\/users\/1"}],"replies":[{"embeddable":true,"href":"http:\/\/www.contouche.de\/projektblog\/index.php?rest_route=%2Fwp%2Fv2%2Fcomments&post=2267"}],"version-history":[{"count":4,"href":"http:\/\/www.contouche.de\/projektblog\/index.php?rest_route=\/wp\/v2\/posts\/2267\/revisions"}],"predecessor-version":[{"id":2275,"href":"http:\/\/www.contouche.de\/projektblog\/index.php?rest_route=\/wp\/v2\/posts\/2267\/revisions\/2275"}],"wp:attachment":[{"href":"http:\/\/www.contouche.de\/projektblog\/index.php?rest_route=%2Fwp%2Fv2%2Fmedia&parent=2267"}],"wp:term":[{"taxonomy":"category","embeddable":true,"href":"http:\/\/www.contouche.de\/projektblog\/index.php?rest_route=%2Fwp%2Fv2%2Fcategories&post=2267"},{"taxonomy":"post_tag","embeddable":true,"href":"http:\/\/www.contouche.de\/projektblog\/index.php?rest_route=%2Fwp%2Fv2%2Ftags&post=2267"}],"curies":[{"name":"wp","href":"https:\/\/api.w.org\/{rel}","templated":true}]}}