{"id":829,"date":"2010-10-15T00:41:15","date_gmt":"2010-10-14T23:41:15","guid":{"rendered":"http:\/\/www.contouche.de\/projektblog\/?p=829"},"modified":"2010-10-19T21:00:52","modified_gmt":"2010-10-19T20:00:52","slug":"warme-fus","status":"publish","type":"post","link":"http:\/\/www.contouche.de\/projektblog\/?p=829","title":{"rendered":"Warme F\u00fc\u00df\u2019"},"content":{"rendered":"<p>Es ist vollbracht!<\/p>\n<p>\nUrspr\u00fcnglich wollte ich die Ferse so machen, wie ich es mal gelesen hatte: Ein M\u00fctzchen nadeln und dann in den Schlitz einn\u00e4hen. Aber dann bekam ich einen Tip, wie es einfacher geht: In die Maschen des Schlitzrandes einstechen und eine neue Spirale ansetzen. Na klar!<\/p>\n<p>\nEs gab nur ein Problem: Abnehmen sieht beim koptischen Stich selten doof aus. Die \u00fcberspringende Masche will sich ums verrecken nicht klein ziehen lassen. Deshalb habe ich nun, anstatt eine Masche zu \u00fcberspringen, einfach zwei zusammengenadelt. Viel besser! Abgenommen habe ich immer in der Ecke des Schlitzes, also seitlich an der Ferse &#8211; das ergibt dann eine Diagonale, wie man sie auch bei der Bumerangferse hat &#8211; , und gegen Ende auch dazwischen, damit die Spitze etwas gerundet wird. <\/p>\n<div id=\"attachment_831\" style=\"width: 310px\" class=\"wp-caption aligncenter\"><a href=\"http:\/\/www.contouche.de\/projektblog\/wp-content\/uploads\/2010\/10\/fertig.jpg\"><img loading=\"lazy\" decoding=\"async\" aria-describedby=\"caption-attachment-831\" src=\"http:\/\/www.contouche.de\/projektblog\/wp-content\/uploads\/2010\/10\/fertig-300x197.jpg\" alt=\"Die fertigen Str\u00fcmpfe\" title=\"fertig\" width=\"300\" height=\"197\" class=\"size-medium wp-image-831\" srcset=\"http:\/\/www.contouche.de\/projektblog\/wp-content\/uploads\/2010\/10\/fertig-300x197.jpg 300w, http:\/\/www.contouche.de\/projektblog\/wp-content\/uploads\/2010\/10\/fertig.jpg 759w\" sizes=\"auto, (max-width: 300px) 100vw, 300px\" \/><\/a><p id=\"caption-attachment-831\" class=\"wp-caption-text\">Die fertigen Str\u00fcmpfe<\/p><\/div>\n","protected":false},"excerpt":{"rendered":"<p>Es ist vollbracht! Urspr\u00fcnglich wollte ich die Ferse so machen, wie ich es mal gelesen hatte: Ein M\u00fctzchen nadeln und dann in den Schlitz einn\u00e4hen. Aber dann bekam ich einen Tip, wie es einfacher geht: In die Maschen des Schlitzrandes &hellip; <a href=\"http:\/\/www.contouche.de\/projektblog\/?p=829\">Weiterlesen <span class=\"meta-nav\">&rarr;<\/span><\/a><\/p>\n","protected":false},"author":1,"featured_media":0,"comment_status":"open","ping_status":"open","sticky":false,"template":"","format":"standard","meta":{"footnotes":""},"categories":[32,39],"tags":[30,37,83],"class_list":["post-829","post","type-post","status-publish","format-standard","hentry","category-bajuwaren","category-strumpfe-bajuwaren","tag-fma","tag-nadelbinden","tag-strumpfe"],"_links":{"self":[{"href":"http:\/\/www.contouche.de\/projektblog\/index.php?rest_route=\/wp\/v2\/posts\/829","targetHints":{"allow":["GET"]}}],"collection":[{"href":"http:\/\/www.contouche.de\/projektblog\/index.php?rest_route=\/wp\/v2\/posts"}],"about":[{"href":"http:\/\/www.contouche.de\/projektblog\/index.php?rest_route=\/wp\/v2\/types\/post"}],"author":[{"embeddable":true,"href":"http:\/\/www.contouche.de\/projektblog\/index.php?rest_route=\/wp\/v2\/users\/1"}],"replies":[{"embeddable":true,"href":"http:\/\/www.contouche.de\/projektblog\/index.php?rest_route=%2Fwp%2Fv2%2Fcomments&post=829"}],"version-history":[{"count":4,"href":"http:\/\/www.contouche.de\/projektblog\/index.php?rest_route=\/wp\/v2\/posts\/829\/revisions"}],"predecessor-version":[{"id":856,"href":"http:\/\/www.contouche.de\/projektblog\/index.php?rest_route=\/wp\/v2\/posts\/829\/revisions\/856"}],"wp:attachment":[{"href":"http:\/\/www.contouche.de\/projektblog\/index.php?rest_route=%2Fwp%2Fv2%2Fmedia&parent=829"}],"wp:term":[{"taxonomy":"category","embeddable":true,"href":"http:\/\/www.contouche.de\/projektblog\/index.php?rest_route=%2Fwp%2Fv2%2Fcategories&post=829"},{"taxonomy":"post_tag","embeddable":true,"href":"http:\/\/www.contouche.de\/projektblog\/index.php?rest_route=%2Fwp%2Fv2%2Ftags&post=829"}],"curies":[{"name":"wp","href":"https:\/\/api.w.org\/{rel}","templated":true}]}}